{"id":275,"date":"2021-05-21T18:53:06","date_gmt":"2021-05-21T16:53:06","guid":{"rendered":"http:\/\/shop-printer.fr\/blog\/?p=275"},"modified":"2023-07-28T11:19:31","modified_gmt":"2023-07-28T09:19:31","slug":"test-21-mai","status":"publish","type":"post","link":"https:\/\/shop-printer.fr\/blog\/test-21-mai\/","title":{"rendered":"Collaboration avec La Cartouche Fran\u00e7aise"},"content":{"rendered":"<div class=\"wpb_column pos-top pos-center align_left column_parent col-lg-10 boomapps_vccolumn single-internal-gutter\">\n<div class=\"uncol style-light\">\n<div class=\"uncoltable\">\n<div class=\"uncell boomapps_vccolumn no-block-padding\">\n<div class=\"uncont\">\n<div class=\"uncode_text_column\">\n<p><strong>Plus de la moiti\u00e9 des consommables d\u2019impression finit incin\u00e9r\u00e9e<\/strong>\u00a0en France et sont tous quasi exclusivement import\u00e9s d\u2019Asie par conteneur. Il s\u2019agit d\u2019un mod\u00e8le de consommation lin\u00e9aire (extraire, fabriquer, consommer, jeter) qui gaspille les ressources de notre plan\u00e8te alors que des solutions bas\u00e9es sur l\u2019\u00e9conomie circulaire existent.<br \/>\n<strong>On croit tous que le syst\u00e8me est trop gros pour qu\u2019il puisse \u00eatre chang\u00e9. Nous faisons partie du syst\u00e8me et c\u2019est de notre responsabilit\u00e9 de le changer !<\/strong><br \/>\nChez Shop-Printer, l\u2019ensemble de l\u2019\u00e9quipe refuse d\u2019accepter cette fatalit\u00e9 et nous avons d\u00e9cid\u00e9 de choisir un combat : le n\u00f4tre c\u2019est celui pour la promotion de l\u2019\u00e9conomie circulaire, du r\u00e9emploi et du Made in France. C\u2019est pourquoi en tant que distributeur nous avons d\u00e9cid\u00e9 de mettre en avant La Cartouche Fran\u00e7aise. Un projet engag\u00e9 dans une <strong>d\u00e9marche \u00e9co-responsable<\/strong> avec comme mission d\u2019offrir une alternative favorisant le <strong>savoir-faire industriel fran\u00e7ais ?? et le r\u00e9emploi ?<\/strong><\/p>\n<p><strong>Des consomm\u2019acteurs engag\u00e9s avec La Cartouche Fran\u00e7aise<\/strong><br \/>\nL\u2019\u00e9conomie circulaire n\u2019est pas r\u00e9serv\u00e9e aux consommateurs ais\u00e9s qui font du compost dans leurs appartements haussmanniens, c\u2019est tout le contraire. La Cartouche Fran\u00e7aise est vendue 40 \u00e0 60 % moins cher que les cartouches d\u2019origine constructeur et permet de conjuguer la r\u00e9duction des in\u00e9galit\u00e9s gr\u00e2ce \u00e0 son mod\u00e8le social et le respect de l\u2019environnement en pr\u00e9servant nos ressources naturelles.<\/p>\n<p><strong>Une fabrication locale respectueuse de l\u2019environnement et de nos emplois<\/strong><br \/>\nL\u2019\u00e9conomie circulaire c\u2019est Michael, collecteur de cartouches usag\u00e9es \u00e0 Lille, Jean-Marie trieur de consommables \u00e0 Dreux au sein d\u2019une entreprise qui ins\u00e8re des personnes en situation de handicap et Aur\u00e9lie cheffe de production. C\u2019est eux que nous souhaitons mettre en avant pour encourager un mod\u00e8le de d\u00e9veloppement bas\u00e9 sur le r\u00e9emploi et les circuits d\u2019achat court. Leur mission : transformer un d\u00e9chet (consommable d\u2019impression \u00e0 la marque usag\u00e9) afin de lui redonner naissance sous la marque La Cartouche Fran\u00e7aise et permettre ainsi de <strong>r\u00e9duire son impact environnementale d\u2019environ 3000 grammes de CO2 par toner tout en relocalisant 30 minutes de main d\u2019\u0153uvre sur notre territoire. <\/strong><\/p>\n<p><strong>Une expertise qualit\u00e9 :<\/strong><br \/>\nL\u2019outil industriel de La Cartouche Fran\u00e7aise est certifi\u00e9 sur les labels suivants : <strong>qualit\u00e9 ISO9001, environnementale ISO14001 et soci\u00e9tal ISO26000.<\/strong><br \/>\nLe processus de production respecte les pr\u00e9conisations de la <strong>NF Environnement<\/strong> mises en place par l\u2019Afnor concernant la remanufacturation des toners.<br \/>\nL\u2019ensemble des pi\u00e8ces d\u2019usure est chang\u00e9 et r\u00e9pond aux exigences REACH afin de vous <strong>garantir une qualit\u00e9 d\u2019impression identique \u00e0 celle des produits \u00e0 la marque<\/strong>.<\/p>\n<\/div>\n<\/div>\n<\/div>\n<\/div>\n<\/div>\n<\/div>\n","protected":false},"excerpt":{"rendered":"<p>Plus de la moiti\u00e9 des consommables d\u2019impression finit incin\u00e9r\u00e9e\u00a0en France et sont tous quasi exclusivement import\u00e9s d\u2019Asie par conteneur. Il [&hellip;]<\/p>\n","protected":false},"author":1,"featured_media":350,"comment_status":"closed","ping_status":"closed","sticky":false,"template":"","format":"standard","meta":[],"categories":[17],"tags":[],"_links":{"self":[{"href":"https:\/\/shop-printer.fr\/blog\/wp-json\/wp\/v2\/posts\/275"}],"collection":[{"href":"https:\/\/shop-printer.fr\/blog\/wp-json\/wp\/v2\/posts"}],"about":[{"href":"https:\/\/shop-printer.fr\/blog\/wp-json\/wp\/v2\/types\/post"}],"author":[{"embeddable":true,"href":"https:\/\/shop-printer.fr\/blog\/wp-json\/wp\/v2\/users\/1"}],"replies":[{"embeddable":true,"href":"https:\/\/shop-printer.fr\/blog\/wp-json\/wp\/v2\/comments?post=275"}],"version-history":[{"count":6,"href":"https:\/\/shop-printer.fr\/blog\/wp-json\/wp\/v2\/posts\/275\/revisions"}],"predecessor-version":[{"id":435,"href":"https:\/\/shop-printer.fr\/blog\/wp-json\/wp\/v2\/posts\/275\/revisions\/435"}],"wp:featuredmedia":[{"embeddable":true,"href":"https:\/\/shop-printer.fr\/blog\/wp-json\/wp\/v2\/media\/350"}],"wp:attachment":[{"href":"https:\/\/shop-printer.fr\/blog\/wp-json\/wp\/v2\/media?parent=275"}],"wp:term":[{"taxonomy":"category","embeddable":true,"href":"https:\/\/shop-printer.fr\/blog\/wp-json\/wp\/v2\/categories?post=275"},{"taxonomy":"post_tag","embeddable":true,"href":"https:\/\/shop-printer.fr\/blog\/wp-json\/wp\/v2\/tags?post=275"}],"curies":[{"name":"wp","href":"https:\/\/api.w.org\/{rel}","templated":true}]}}